{"id":9358,"date":"2021-06-27T10:40:37","date_gmt":"2021-06-27T09:40:37","guid":{"rendered":"https:\/\/voranews.al\/?p=9358"},"modified":"2021-06-27T10:40:43","modified_gmt":"2021-06-27T09:40:43","slug":"ngjarja-ne-velipoje-20-te-shoqeruar-dyshohet-se-u-perdoren-6-arme","status":"publish","type":"post","link":"https:\/\/voranews.al\/?p=9358","title":{"rendered":"Ngjarja n\u00eb Velipoj\u00eb\/ 20 t\u00eb shoq\u00ebruar, dyshohet se u p\u00ebrdor\u00ebn 6 arm\u00eb"},"content":{"rendered":"\n<p>Policia e Shtetit ka shpallur n\u00eb k\u00ebrkim dy persona t\u00eb tjer\u00eb si t\u00eb p\u00ebrfshir\u00eb n\u00eb ngjarjen e r\u00ebnd\u00eb t\u00eb Velipoj\u00ebs, t\u00eb cil\u00ebt dyshohen se ishin bashk\u00eb me v\u00ebllez\u00ebrit Ferracaku.<\/p>\n\n\n\n<p>Deri m\u00eb tani 20 persona jan\u00eb shoq\u00ebruar pasi mund t\u00eb ken\u00eb dijeni rreth konfliktit q\u00eb \u00e7oi n\u00eb p\u00ebrplasjen me arm\u00eb mes v\u00ebllez\u00ebrve Ferracaku dhe Gocaj.<\/p>\n\n\n\n<p>Nd\u00ebrkoh\u00eb m\u00ebsohet se n\u00eb k\u00ebt\u00eb ngjarje mund t\u00eb jen\u00eb p\u00ebrdorur deri n\u00eb 6 arm\u00eb.<\/p>\n\n\n\n<p>Sipas informacioneve v\u00ebllez\u00ebrit Ferracaku kan\u00eb pasur secili nga nj\u00eb pistolet\u00eb sipas dyshimeve dhe dy personat n\u00eb k\u00ebrkim dyshohen se kan\u00eb qen\u00eb t\u00eb armatosur. Po ashtu edhe v\u00ebllez\u00ebrit Gocaj kan\u00eb pasur njeri pistolet\u00eb dhe tjetri automatik kallashnikov.<\/p>\n\n\n\n<p>Deri m\u00eb tani policia ka sekuestruar vet\u00ebm nj\u00eb arm\u00eb, dhe disa prej g\u00ebzhojave q\u00eb jan\u00eb nga disa arm\u00eb t\u00eb ndryshme.<\/p>\n","protected":false},"excerpt":{"rendered":"<p>Policia e Shtetit ka shpallur n\u00eb k\u00ebrkim dy persona t\u00eb tjer\u00eb si t\u00eb p\u00ebrfshir\u00eb n\u00eb ngjarjen e r\u00ebnd\u00eb t\u00eb Velipoj\u00ebs, t\u00eb cil\u00ebt dyshohen se ishin bashk\u00eb me v\u00ebllez\u00ebrit Ferracaku. Deri m\u00eb tani 20 persona jan\u00eb shoq\u00ebruar pasi mund t\u00eb ken\u00eb dijeni rreth konfliktit q\u00eb \u00e7oi n\u00eb p\u00ebrplasjen me arm\u00eb mes v\u00ebllez\u00ebrve Ferracaku dhe Gocaj. Nd\u00ebrkoh\u00eb &hellip;<\/p>\n","protected":false},"author":1,"featured_media":9359,"comment_status":"closed","ping_status":"closed","sticky":true,"template":"","format":"standard","meta":{"_jetpack_memberships_contains_paid_content":false,"footnotes":""},"categories":[4],"tags":[],"jetpack_sharing_enabled":true,"jetpack_featured_media_url":"https:\/\/voranews.al\/wp-content\/uploads\/2021\/06\/7F7C7788-E3D3-4C67-B178-6950EA955EB7.png","_links":{"self":[{"href":"https:\/\/voranews.al\/index.php?rest_route=\/wp\/v2\/posts\/9358"}],"collection":[{"href":"https:\/\/voranews.al\/index.php?rest_route=\/wp\/v2\/posts"}],"about":[{"href":"https:\/\/voranews.al\/index.php?rest_route=\/wp\/v2\/types\/post"}],"author":[{"embeddable":true,"href":"https:\/\/voranews.al\/index.php?rest_route=\/wp\/v2\/users\/1"}],"replies":[{"embeddable":true,"href":"https:\/\/voranews.al\/index.php?rest_route=%2Fwp%2Fv2%2Fcomments&post=9358"}],"version-history":[{"count":1,"href":"https:\/\/voranews.al\/index.php?rest_route=\/wp\/v2\/posts\/9358\/revisions"}],"predecessor-version":[{"id":9360,"href":"https:\/\/voranews.al\/index.php?rest_route=\/wp\/v2\/posts\/9358\/revisions\/9360"}],"wp:featuredmedia":[{"embeddable":true,"href":"https:\/\/voranews.al\/index.php?rest_route=\/wp\/v2\/media\/9359"}],"wp:attachment":[{"href":"https:\/\/voranews.al\/index.php?rest_route=%2Fwp%2Fv2%2Fmedia&parent=9358"}],"wp:term":[{"taxonomy":"category","embeddable":true,"href":"https:\/\/voranews.al\/index.php?rest_route=%2Fwp%2Fv2%2Fcategories&post=9358"},{"taxonomy":"post_tag","embeddable":true,"href":"https:\/\/voranews.al\/index.php?rest_route=%2Fwp%2Fv2%2Ftags&post=9358"}],"curies":[{"name":"wp","href":"https:\/\/api.w.org\/{rel}","templated":true}]}}