{"id":9369,"date":"2021-06-27T17:11:11","date_gmt":"2021-06-27T16:11:11","guid":{"rendered":"https:\/\/voranews.al\/?p=9369"},"modified":"2021-06-27T17:11:17","modified_gmt":"2021-06-27T16:11:17","slug":"pershtaten-lokalin-per-droge-dhune-ndaj-bashkeshortes-aksidentuan-disa-te-arrestuar-ne-tirane","status":"publish","type":"post","link":"https:\/\/voranews.al\/?p=9369","title":{"rendered":"P\u00ebrshtat\u00ebn lokalin p\u00ebr drog\u00eb, dhun\u00eb ndaj bashk\u00ebshortes, aksidentuan\/ Disa t\u00eb arrestuar n\u00eb Tiran\u00eb"},"content":{"rendered":"\n<p>Policia e Tiran\u00ebs ka rreshtuar disa persona p\u00ebr vepra t\u00eb ndryshme penale. <\/p>\n\n\n\n<p>Specialist\u00ebt p\u00ebr Hetimin e Narkotik\u00ebve b\u00ebn\u00eb arrestimin n\u00eb flagranc\u00eb p\u00ebr veprat penale \u201cProdhim dhe shitja e narkotik\u00ebve\u201d dhe \u201cP\u00ebrshtatja e lokalit p\u00ebr p\u00ebrdorim droge\u201d t\u00eb shtetasit: B. L., 35 vje\u00e7, pasi n\u00eb bashk\u00ebpunim dhe me Forc\u00ebn e Posa\u00e7me \u201cShqiponjat\u201d gjat\u00eb kontrollit t\u00eb ushtruar n\u00eb lokalin n\u00eb pron\u00ebsi t\u00eb k\u00ebtij shtetasi dhe t\u00eb 9 klient\u00ebve t\u00eb konstatuar aty (t\u00eb proceduar n\u00eb gjendje t\u00eb lir\u00eb) u gjet\u00ebn dhe u sekuestruan sasi me l\u00ebnd\u00eb narkotike kanabis.<\/p>\n\n\n\n<p>Po nga specialist\u00ebt p\u00ebr Hetimin e Narkotik\u00ebve u b\u00eb arrestimi n\u00eb flagranc\u00eb i shtetasit A. A., 39 vje\u00e7, pasi duke drejtuar mjetin n\u00eb gjendje t\u00eb dehur n\u00eb mas\u00ebn 0. 58 mg\/l, nuk i \u00ebsht\u00eb bindur urdh\u00ebrit t\u00eb sherbimeve t\u00eb Policis\u00eb p\u00ebr t\u00eb ndaluar. Gjithashtu, nga kontrolli fizik i ushtruar, Forca e Posa\u00e7me \u201cShqiponjat\u201d gjet\u00ebn dhe sekuestruan nj\u00eb sasi me l\u00ebnd\u00eb narkotike kokain\u00eb.<\/p>\n\n\n\n<p>Specialist\u00ebt p\u00ebr Hetimin e Krimit n\u00eb Komisariatin e Policis\u00eb Nr.2 b\u00ebn\u00eb arrestimin n\u00eb flagranc\u00eb t\u00eb shtetasit D. K., 49 vje\u00e7, pasi ka ushtruar dhun\u00eb fizike dhe psikologjike ndaj bashk\u00ebshortes dhe vajz\u00ebs s\u00eb tij.<\/p>\n\n\n\n<p>Nga specialist\u00ebt p\u00ebr Hetimin e Krimit n\u00eb Komisariatin e Policis\u00eb Kavaj\u00eb u b\u00eb ndalimi i shtetasit E. Sh., 22 vje\u00e7, p\u00ebr vepr\u00ebn penale \u201cDhuna n\u00eb familje\u201d.<\/p>\n\n\n\n<p>Specialist\u00ebt e Qarkullimit Rrugor b\u00ebn\u00eb arrestimim n\u00eb flagranc\u00eb t\u00eb shtetasve:<\/p>\n\n\n\n<p>E. S., 31 vje\u00e7, pasi ka aksidentuar bi\u00e7iklistin shtetasin Q. H., 61 vje\u00e7, i cili ndodhet n\u00eb spital, n\u00ebn kujdesin e mjek\u00ebve;<\/p>\n\n\n\n<p>E. \u00c7., 36 vje\u00e7, pasi u kap duke drejtuar mjetin pa lejen p\u00ebrkat\u00ebse.<\/p>\n\n\n\n<p>M\u00eb dat\u00eb 26.06.2021, &nbsp;u referuan materialet n\u00eb Prokurorin\u00eb pran\u00eb Gjykat\u00ebs s\u00eb Shkall\u00ebs s\u00eb Par\u00eb Tiran\u00eb dhe punohet p\u00ebr kapjen e shtetasve L. \u00c7., 32 vje\u00e7 dhe J. V., 23 vje\u00e7, pasi n\u00eb bashk\u00ebpunim me nj\u00ebri-tjetrin, p\u00ebr shkak t\u00eb detyr\u00ebs, kan\u00eb goditur me sende t\u00eb forta shtetasin M. A., 41 vje\u00e7, me detyr\u00eb agjent doganier, i cili pas mjekimit n\u00eb spital u largua p\u00ebr n\u00eb banes\u00eb.<\/p>\n\n\n\n<p>Materialet u referuan n\u00eb Prokurorin\u00eb pran\u00eb Gjykat\u00ebs s\u00eb Shkall\u00ebs s\u00eb Par\u00eb Tiran\u00eb, p\u00ebr veprime t\u00eb m\u00ebtejshme.<\/p>\n","protected":false},"excerpt":{"rendered":"<p>Policia e Tiran\u00ebs ka rreshtuar disa persona p\u00ebr vepra t\u00eb ndryshme penale. Specialist\u00ebt p\u00ebr Hetimin e Narkotik\u00ebve b\u00ebn\u00eb arrestimin n\u00eb flagranc\u00eb p\u00ebr veprat penale \u201cProdhim dhe shitja e narkotik\u00ebve\u201d dhe \u201cP\u00ebrshtatja e lokalit p\u00ebr p\u00ebrdorim droge\u201d t\u00eb shtetasit: B. L., 35 vje\u00e7, pasi n\u00eb bashk\u00ebpunim dhe me Forc\u00ebn e Posa\u00e7me \u201cShqiponjat\u201d gjat\u00eb kontrollit t\u00eb ushtruar &hellip;<\/p>\n","protected":false},"author":1,"featured_media":9370,"comment_status":"closed","ping_status":"closed","sticky":true,"template":"","format":"standard","meta":{"_jetpack_memberships_contains_paid_content":false,"footnotes":""},"categories":[4],"tags":[],"jetpack_sharing_enabled":true,"jetpack_featured_media_url":"https:\/\/voranews.al\/wp-content\/uploads\/2021\/06\/D797729D-CC3C-4C44-94B2-71F9866B82D3.jpeg","_links":{"self":[{"href":"https:\/\/voranews.al\/index.php?rest_route=\/wp\/v2\/posts\/9369"}],"collection":[{"href":"https:\/\/voranews.al\/index.php?rest_route=\/wp\/v2\/posts"}],"about":[{"href":"https:\/\/voranews.al\/index.php?rest_route=\/wp\/v2\/types\/post"}],"author":[{"embeddable":true,"href":"https:\/\/voranews.al\/index.php?rest_route=\/wp\/v2\/users\/1"}],"replies":[{"embeddable":true,"href":"https:\/\/voranews.al\/index.php?rest_route=%2Fwp%2Fv2%2Fcomments&post=9369"}],"version-history":[{"count":1,"href":"https:\/\/voranews.al\/index.php?rest_route=\/wp\/v2\/posts\/9369\/revisions"}],"predecessor-version":[{"id":9371,"href":"https:\/\/voranews.al\/index.php?rest_route=\/wp\/v2\/posts\/9369\/revisions\/9371"}],"wp:featuredmedia":[{"embeddable":true,"href":"https:\/\/voranews.al\/index.php?rest_route=\/wp\/v2\/media\/9370"}],"wp:attachment":[{"href":"https:\/\/voranews.al\/index.php?rest_route=%2Fwp%2Fv2%2Fmedia&parent=9369"}],"wp:term":[{"taxonomy":"category","embeddable":true,"href":"https:\/\/voranews.al\/index.php?rest_route=%2Fwp%2Fv2%2Fcategories&post=9369"},{"taxonomy":"post_tag","embeddable":true,"href":"https:\/\/voranews.al\/index.php?rest_route=%2Fwp%2Fv2%2Ftags&post=9369"}],"curies":[{"name":"wp","href":"https:\/\/api.w.org\/{rel}","templated":true}]}}