{"id":9399,"date":"2021-06-28T20:30:53","date_gmt":"2021-06-28T19:30:53","guid":{"rendered":"https:\/\/voranews.al\/?p=9399"},"modified":"2021-06-28T20:31:02","modified_gmt":"2021-06-28T19:31:02","slug":"maradona-kerkohet-arrestimi-i-4-mjekeve-ilacet-qe-i-dhane-i-sollen-vdekjen","status":"publish","type":"post","link":"https:\/\/voranews.al\/?p=9399","title":{"rendered":"Maradona, k\u00ebrkohet arrestimi i 4 mjek\u00ebve: Ila\u00e7et q\u00eb i dhan\u00eb i soll\u00ebn vdekjen"},"content":{"rendered":"\n<p>Hetimi p\u00ebr vdekjen e Diego Maradon\u00ebs, i cili vdiq m\u00eb 25 n\u00ebntor 2020, nuk ndalet. Avokati Mario Baudry, i cili p\u00ebrfaq\u00ebson Dieguito, djalin e \u201cDor\u00ebs s\u00eb Zotit\u201d me Veronica Ojeda, i ka k\u00ebrkuar Prokurorit t\u00eb P\u00ebrgjithsh\u00ebm t\u00eb San Isidro arrestimin e menj\u00ebhersh\u00ebm t\u00eb Dr.Leopoldo Luque, si dhe t\u00eb psikiatres Agustina Cosachov, t\u00eb psikologut Carlos D\u00edaz dhe t\u00eb Dr.Nancy Forlini \u201cp\u00ebr krime t\u00eb vrasjes\u201d, si\u00e7 \u00ebsht\u00eb e qart\u00eb nga p\u00ebrmbledhja e paraqitur para gjykat\u00ebsit. T\u00eb kat\u00ebr mjek\u00ebt po trajtonin sh\u00ebndetin e Diego Maradon\u00ebs n\u00eb jav\u00ebt e fundit t\u00eb jet\u00ebs s\u00eb tij dhe kishin detyra t\u00eb ndryshme.<\/p>\n\n\n\n<p>N\u00eb justifikim t\u00eb k\u00ebsaj k\u00ebrkese, avokati Baudry pretendon se \u201cDiego Armando Maradona humbi jet\u00ebn m\u00eb 25 n\u00ebntor 2020 p\u00ebr shkak t\u00eb nj\u00eb braktisjeje t\u00eb q\u00ebllimshme nga stafi mjek\u00ebsor dhe disa persona nga rrethi i tij i ngusht\u00eb. Ata, duke ditur patologjit\u00eb e Maradon\u00ebs dhe q\u00eb mund t\u00eb vdiste nga trajtimi i p\u00ebrshkruar p\u00ebr t\u00eb, jo vet\u00ebm q\u00eb vazhduan mjekimin, por nuk b\u00ebni asgj\u00eb p\u00ebr ta ndryshuar rezultatin.<\/p>\n\n\n\n<p>\u201c\u00cbsht\u00eb e qart\u00eb, \u2013 thot\u00eb avokati Baudry, \u2013 q\u00eb z.Maradona s\u00eb pari u privua nga t\u00eb gjitha pasurit\u00eb e tij, markat e tij dhe madje edhe emri i tij. M\u00eb pas u la n\u00eb m\u00ebshir\u00eb t\u00eb fatit dhe s\u00ebmundjeve, n\u00eb dor\u00eb profesionist\u00ebsh q\u00eb nuk kishin p\u00ebrvoj\u00ebn dhe njohurit\u00eb e duhura p\u00ebr ta kuruar at\u00eb. Ata i siguruan ila\u00e7e t\u00eb ligjshme dhe t\u00eb paligjshme, duke p\u00ebrkeq\u00ebsuar sh\u00ebndetin e tij. Pra, shkaktuan nj\u00eb vdekje q\u00eb mund t\u00eb dukej natyrale\u201d.<\/p>\n","protected":false},"excerpt":{"rendered":"<p>Hetimi p\u00ebr vdekjen e Diego Maradon\u00ebs, i cili vdiq m\u00eb 25 n\u00ebntor 2020, nuk ndalet. Avokati Mario Baudry, i cili p\u00ebrfaq\u00ebson Dieguito, djalin e \u201cDor\u00ebs s\u00eb Zotit\u201d me Veronica Ojeda, i ka k\u00ebrkuar Prokurorit t\u00eb P\u00ebrgjithsh\u00ebm t\u00eb San Isidro arrestimin e menj\u00ebhersh\u00ebm t\u00eb Dr.Leopoldo Luque, si dhe t\u00eb psikiatres Agustina Cosachov, t\u00eb psikologut Carlos D\u00edaz &hellip;<\/p>\n","protected":false},"author":1,"featured_media":9400,"comment_status":"closed","ping_status":"closed","sticky":true,"template":"","format":"standard","meta":{"_jetpack_memberships_contains_paid_content":false,"footnotes":""},"categories":[35],"tags":[],"jetpack_sharing_enabled":true,"jetpack_featured_media_url":"https:\/\/voranews.al\/wp-content\/uploads\/2021\/06\/8A98CAD7-3069-413C-A481-A8813EFC2F98.jpeg","_links":{"self":[{"href":"https:\/\/voranews.al\/index.php?rest_route=\/wp\/v2\/posts\/9399"}],"collection":[{"href":"https:\/\/voranews.al\/index.php?rest_route=\/wp\/v2\/posts"}],"about":[{"href":"https:\/\/voranews.al\/index.php?rest_route=\/wp\/v2\/types\/post"}],"author":[{"embeddable":true,"href":"https:\/\/voranews.al\/index.php?rest_route=\/wp\/v2\/users\/1"}],"replies":[{"embeddable":true,"href":"https:\/\/voranews.al\/index.php?rest_route=%2Fwp%2Fv2%2Fcomments&post=9399"}],"version-history":[{"count":1,"href":"https:\/\/voranews.al\/index.php?rest_route=\/wp\/v2\/posts\/9399\/revisions"}],"predecessor-version":[{"id":9401,"href":"https:\/\/voranews.al\/index.php?rest_route=\/wp\/v2\/posts\/9399\/revisions\/9401"}],"wp:featuredmedia":[{"embeddable":true,"href":"https:\/\/voranews.al\/index.php?rest_route=\/wp\/v2\/media\/9400"}],"wp:attachment":[{"href":"https:\/\/voranews.al\/index.php?rest_route=%2Fwp%2Fv2%2Fmedia&parent=9399"}],"wp:term":[{"taxonomy":"category","embeddable":true,"href":"https:\/\/voranews.al\/index.php?rest_route=%2Fwp%2Fv2%2Fcategories&post=9399"},{"taxonomy":"post_tag","embeddable":true,"href":"https:\/\/voranews.al\/index.php?rest_route=%2Fwp%2Fv2%2Ftags&post=9399"}],"curies":[{"name":"wp","href":"https:\/\/api.w.org\/{rel}","templated":true}]}}