{"id":9512,"date":"2021-07-02T17:24:18","date_gmt":"2021-07-02T16:24:18","guid":{"rendered":"https:\/\/voranews.al\/?p=9512"},"modified":"2021-07-02T17:24:24","modified_gmt":"2021-07-02T16:24:24","slug":"filande-hyn-mes-flakeve-shqiptari-hero-shpeton-familjen-nga-shtepia-qe-po-digjej","status":"publish","type":"post","link":"https:\/\/voranews.al\/?p=9512","title":{"rendered":"Filand\u00eb, hyn mes flak\u00ebve\/ Shqiptari hero shp\u00ebton familjen nga sht\u00ebpia q\u00eb po digjej"},"content":{"rendered":"\n<p>Emri i nj\u00eb shqiptari p\u00ebrfundoi n\u00eb faqet e gazet\u00ebs finlandeze \u201cHelsingin Sanomat\u201d, p\u00ebr nj\u00eb akt t\u00eb cil\u00ebsuar si \u201cheroik\u201d. Nj\u00eb zjarr i madh shp\u00ebrtheu\u00a0 n\u00eb Minttutie duke shkat\u00ebrruar t\u00ebr\u00ebsisht nj\u00eb sht\u00ebpi. <\/p>\n\n\n\n<p>Shqiptari M\u00ebrgim Halili, i cili jetonte n\u00eb t\u00eb nj\u00ebjt\u00ebn lagje, nuk \u00ebsht\u00eb menduar dy her\u00eb por pavar\u00ebsisht rrezikut, ka hyr\u00eb brenda e ka ndihmuar nj\u00eb cift t\u00eb moshuar t\u00eb largoheshin prej banes\u00ebs n\u00eb flak\u00eb. Halili \u00ebsht\u00eb ndihmuar edhe nga partnerja e tij. Sipas tij, t\u00eb moshuarit vet\u00eb nuk e kishin kuptuar se cfar\u00eb po ndodhte.<\/p>\n\n\n\n<p>Pavar\u00ebsisht k\u00ebsaj, t\u00eb rinjt\u00eb arrit\u00ebn ti nxjerrin nga aty, nd\u00ebrsa kalimtar\u00eb t\u00eb tjer\u00eb godit\u00ebn n\u00eb dyer e dritare p\u00ebr tu siguruar q\u00eb nuk kishte m\u00eb asnjeri brenda. Banor\u00ebt e lagjes than\u00eb se ofruan ndihm\u00eb p\u00ebr personat q\u00eb ndodheshin n\u00eb sht\u00ebpi para se t\u00eb arrinin zjarrfik\u00ebsit.<\/p>\n\n\n\n<p>Juha Virolainen nga Departamenti Qendror i Shp\u00ebtimit, e cituar dhe nga mediat n\u00eb Kosov\u00eb, pohoi se sht\u00ebpia ishte p\u00ebrfshir\u00eb e gjitha nga flak\u00ebt kur arrit\u00ebn zjarrfik\u00ebsit.<\/p>\n","protected":false},"excerpt":{"rendered":"<p>Emri i nj\u00eb shqiptari p\u00ebrfundoi n\u00eb faqet e gazet\u00ebs finlandeze \u201cHelsingin Sanomat\u201d, p\u00ebr nj\u00eb akt t\u00eb cil\u00ebsuar si \u201cheroik\u201d. Nj\u00eb zjarr i madh shp\u00ebrtheu\u00a0 n\u00eb Minttutie duke shkat\u00ebrruar t\u00ebr\u00ebsisht nj\u00eb sht\u00ebpi. Shqiptari M\u00ebrgim Halili, i cili jetonte n\u00eb t\u00eb nj\u00ebjt\u00ebn lagje, nuk \u00ebsht\u00eb menduar dy her\u00eb por pavar\u00ebsisht rrezikut, ka hyr\u00eb brenda e ka ndihmuar &hellip;<\/p>\n","protected":false},"author":1,"featured_media":9513,"comment_status":"closed","ping_status":"closed","sticky":true,"template":"","format":"standard","meta":{"_jetpack_memberships_contains_paid_content":false,"footnotes":""},"categories":[38],"tags":[],"jetpack_sharing_enabled":true,"jetpack_featured_media_url":"https:\/\/voranews.al\/wp-content\/uploads\/2021\/07\/F9C5DDD2-9EAC-4B74-92F0-5674CDB68430.jpeg","_links":{"self":[{"href":"https:\/\/voranews.al\/index.php?rest_route=\/wp\/v2\/posts\/9512"}],"collection":[{"href":"https:\/\/voranews.al\/index.php?rest_route=\/wp\/v2\/posts"}],"about":[{"href":"https:\/\/voranews.al\/index.php?rest_route=\/wp\/v2\/types\/post"}],"author":[{"embeddable":true,"href":"https:\/\/voranews.al\/index.php?rest_route=\/wp\/v2\/users\/1"}],"replies":[{"embeddable":true,"href":"https:\/\/voranews.al\/index.php?rest_route=%2Fwp%2Fv2%2Fcomments&post=9512"}],"version-history":[{"count":1,"href":"https:\/\/voranews.al\/index.php?rest_route=\/wp\/v2\/posts\/9512\/revisions"}],"predecessor-version":[{"id":9514,"href":"https:\/\/voranews.al\/index.php?rest_route=\/wp\/v2\/posts\/9512\/revisions\/9514"}],"wp:featuredmedia":[{"embeddable":true,"href":"https:\/\/voranews.al\/index.php?rest_route=\/wp\/v2\/media\/9513"}],"wp:attachment":[{"href":"https:\/\/voranews.al\/index.php?rest_route=%2Fwp%2Fv2%2Fmedia&parent=9512"}],"wp:term":[{"taxonomy":"category","embeddable":true,"href":"https:\/\/voranews.al\/index.php?rest_route=%2Fwp%2Fv2%2Fcategories&post=9512"},{"taxonomy":"post_tag","embeddable":true,"href":"https:\/\/voranews.al\/index.php?rest_route=%2Fwp%2Fv2%2Ftags&post=9512"}],"curies":[{"name":"wp","href":"https:\/\/api.w.org\/{rel}","templated":true}]}}