{"id":9553,"date":"2021-07-03T22:08:13","date_gmt":"2021-07-03T21:08:13","guid":{"rendered":"https:\/\/voranews.al\/?p=9553"},"modified":"2021-07-03T22:08:18","modified_gmt":"2021-07-03T21:08:18","slug":"i-moshuari-nga-durresi-kerkon-strehim-ne-rruge-dhe-i-debuar-nga-shtepia","status":"publish","type":"post","link":"https:\/\/voranews.al\/?p=9553","title":{"rendered":"I moshuari nga Durr\u00ebsi k\u00ebrkon strehim, n\u00eb rrug\u00eb dhe i d\u00ebbuar nga sht\u00ebpia"},"content":{"rendered":"\n<p>Kadri \u00c7ili, \u00ebsht\u00eb baba i 5 f\u00ebmij\u00ebve, konkretisht 4 vajzave dhe 1 djali, i cili jeton rrug\u00ebve. Pasi bashk\u00ebshortja e t\u00eb moshuarit nd\u00ebrroi jet\u00eb, Kadriu filloi t\u00eb jetoj\u00eb me njer\u00ebn nga vajzat e tij, por ishte dh\u00ebndri ai i cili e d\u00ebboi nga sht\u00ebpia.<\/p>\n\n\n\n<p>P\u00ebr 5 vite, Kadriu q\u00ebndroi n\u00eb sht\u00ebpin\u00eb e t\u00eb moshuarve t\u00eb Poli\u00e7anit. Mir\u00ebpo, edhe nga k\u00ebtu u d\u00ebbua, me pretendimin se u konfliktua me nj\u00eb banor t\u00eb azilit.<\/p>\n\n\n\n<p><strong>Pyetje:<\/strong>&nbsp;<em>Ku ke q\u00ebndruar gjith\u00eb k\u00ebto vite?<\/em><\/p>\n\n\n\n<p><strong>\u00c7ili<\/strong>:&nbsp;<em>Q\u00ebndrova k\u00ebtu af\u00ebr n\u00eb Peshtan tek \u00e7upa, m\u00eb mbajti ajo, por s\u2019m\u00eb dont\u00eb dh\u00ebndria. Ika nuk kisha \u00e7\u2019t\u00eb b\u00ebja.<\/em><\/p>\n\n\n\n<p>Kadriu as vet\u00eb nuk e di se sa vite ka q\u00eb endet rrug\u00ebve p\u00ebr t\u00eb k\u00ebrkuar nj\u00eb streh. Sot ai ka ardhur nga Durr\u00ebsi p\u00ebr tu strehuar p\u00ebrs\u00ebri tek sht\u00ebpia e t\u00eb moshuarve, por ky institucion i mbylli der\u00ebn duke mos i dh\u00ebn\u00eb asnj\u00eb ndihm\u00eb babait t\u00eb braktisur.<\/p>\n\n\n\n<p><strong>Pyetje:<\/strong>&nbsp;<em>Sa f\u00ebmij\u00eb ke?<\/em><\/p>\n\n\n\n<p><strong>\u00c7ili<\/strong>:&nbsp;<em>5 kam, djalin andej nga Greqia. 2 vajza kam mbi 2 vjet q\u00eb nuk i shoh fare. N\u00eb Shqip\u00ebri i kam t\u00eb gjitha \u00e7upat.<\/em><\/p>\n\n\n\n<p>88 vje\u00e7ari edhe pse \u00ebsht\u00eb i s\u00ebmur\u00eb, kurr\u00eb nuk \u00ebsht\u00eb kuruar, pasi 8 mij\u00eb lek\u00ebshi i pensionit nuk i del p\u00ebr t\u00eb siguruar ushqimin.<\/p>\n\n\n\n<p><strong>Pyetje:<\/strong>&nbsp;<em>Si ushqehesh?<\/em><\/p>\n\n\n\n<p><strong>\u00c7ili<\/strong>:&nbsp;<em>Po pata para do t\u00eb shkoj n\u00eb dyqan, se ndryshe nuk t\u00eb jep njeri. Ja me at\u00eb pension 8 mij\u00eb lek\u00eb. Nuk blej ila\u00e7et dhe marr buk\u00eb. K\u00ebrkoj ndihm\u00eb nga shteti. Ose t\u00eb m\u00eb strehoj\u00eb, ose t\u00eb m\u00eb helmoj\u00eb dhe t\u00eb vdes, nuk q\u00ebndroj dot k\u00ebshtu.<\/em><\/p>\n\n\n\n<p>Kadriu shprehet se vajzat e tij jan\u00eb tepwr t\u00eb varfra dhe nuk kan\u00eb aspak mund\u00ebsi ta mbajn\u00eb at\u00eb n\u00eb sht\u00ebpi. Nd\u00ebrkohw, nga ana tjetwr, djali i vet\u00ebm i Kadriut, q\u00eb kur ka ikur n\u00eb Greqi kurr\u00eb nuk \u00ebsht\u00eb interesuar mw p\u00ebr baban\u00eb e tij.<\/p>\n\n\n\n<p> <\/p>\n","protected":false},"excerpt":{"rendered":"<p>Kadri \u00c7ili, \u00ebsht\u00eb baba i 5 f\u00ebmij\u00ebve, konkretisht 4 vajzave dhe 1 djali, i cili jeton rrug\u00ebve. Pasi bashk\u00ebshortja e t\u00eb moshuarit nd\u00ebrroi jet\u00eb, Kadriu filloi t\u00eb jetoj\u00eb me njer\u00ebn nga vajzat e tij, por ishte dh\u00ebndri ai i cili e d\u00ebboi nga sht\u00ebpia. P\u00ebr 5 vite, Kadriu q\u00ebndroi n\u00eb sht\u00ebpin\u00eb e t\u00eb moshuarve t\u00eb &hellip;<\/p>\n","protected":false},"author":1,"featured_media":9554,"comment_status":"closed","ping_status":"closed","sticky":true,"template":"","format":"standard","meta":{"_jetpack_memberships_contains_paid_content":false,"footnotes":""},"categories":[4],"tags":[],"jetpack_sharing_enabled":true,"jetpack_featured_media_url":"https:\/\/voranews.al\/wp-content\/uploads\/2021\/07\/9BCA14B7-AB6C-423B-A02A-16637BDF056D.jpeg","_links":{"self":[{"href":"https:\/\/voranews.al\/index.php?rest_route=\/wp\/v2\/posts\/9553"}],"collection":[{"href":"https:\/\/voranews.al\/index.php?rest_route=\/wp\/v2\/posts"}],"about":[{"href":"https:\/\/voranews.al\/index.php?rest_route=\/wp\/v2\/types\/post"}],"author":[{"embeddable":true,"href":"https:\/\/voranews.al\/index.php?rest_route=\/wp\/v2\/users\/1"}],"replies":[{"embeddable":true,"href":"https:\/\/voranews.al\/index.php?rest_route=%2Fwp%2Fv2%2Fcomments&post=9553"}],"version-history":[{"count":1,"href":"https:\/\/voranews.al\/index.php?rest_route=\/wp\/v2\/posts\/9553\/revisions"}],"predecessor-version":[{"id":9555,"href":"https:\/\/voranews.al\/index.php?rest_route=\/wp\/v2\/posts\/9553\/revisions\/9555"}],"wp:featuredmedia":[{"embeddable":true,"href":"https:\/\/voranews.al\/index.php?rest_route=\/wp\/v2\/media\/9554"}],"wp:attachment":[{"href":"https:\/\/voranews.al\/index.php?rest_route=%2Fwp%2Fv2%2Fmedia&parent=9553"}],"wp:term":[{"taxonomy":"category","embeddable":true,"href":"https:\/\/voranews.al\/index.php?rest_route=%2Fwp%2Fv2%2Fcategories&post=9553"},{"taxonomy":"post_tag","embeddable":true,"href":"https:\/\/voranews.al\/index.php?rest_route=%2Fwp%2Fv2%2Ftags&post=9553"}],"curies":[{"name":"wp","href":"https:\/\/api.w.org\/{rel}","templated":true}]}}