{"id":9605,"date":"2021-07-05T11:19:33","date_gmt":"2021-07-05T10:19:33","guid":{"rendered":"https:\/\/voranews.al\/?p=9605"},"modified":"2021-07-05T11:19:33","modified_gmt":"2021-07-05T10:19:33","slug":"rama-inspekton-punimet-e-shkollave-ne-shijak-gati-per-550-nxenes-qe-do-rikthehen-ne-shtator","status":"publish","type":"post","link":"https:\/\/voranews.al\/?p=9605","title":{"rendered":"Rama inspekton punimet e shkollave n\u00eb Shijak: Gati p\u00ebr 550 nx\u00ebn\u00ebs q\u00eb do rikthehen n\u00eb shtator"},"content":{"rendered":"\n<p>Kreu i qeveris\u00eb, Edi Rama ndodhej k\u00ebt\u00eb t\u00eb h\u00ebn\u00eb n\u00eb Shijak, p\u00ebr t\u00eb inspektuar nga af\u00ebr punimet q\u00eb jan\u00eb kryer n\u00eb shkollat \u201cLidhja e Prizrenit\u201d dhe \u201cPetrit Llaftiu\u201d. <\/p>\n\n\n\n<p>N\u00eb t\u00eb dija shkollat kan\u00eb p\u00ebrfunduar punimet dhe tashm\u00eb jan\u00eb gati p\u00ebr t\u00eb pritur sezonin e ardhsh\u00ebm, p\u00ebr 550 nx\u00ebn\u00ebs t\u00eb cil\u00ebt do t\u00eb rikthehen n\u00eb shtator n\u00eb bankat e shkollave.<\/p>\n\n\n\n<p>\u201cShijak \u2013 Aty ku shkollat \u201cLidhja e Prizrenit\u201d dhe \u201cPetrit Llaftiu\u201d kan\u00eb rilindur m\u00eb t\u00eb m\u00ebdha, m\u00eb t\u00eb forta e m\u00eb t\u00eb bukura, p\u00ebr 550 nx\u00ebn\u00ebs q\u00eb do t\u00eb rikthehen n\u00eb shtator\u201d, shkruan kryeministri krahas videos s\u00eb publikuar.<\/p>\n\n\n\n<p>P\u00ebr 180 dit\u00eb kan\u00eb p\u00ebrfunduar punimet n\u00eb t\u00eb dyja shkollat 9-vje\u00e7are. Shkolla \u2018Lidhja dhe Prizrenit\u2019 dhe \u2018Petrit Llaftiu\u2019, kan\u00eb 80 klasa, 4 laborator\u00eb dhe ambiente ndihm\u00ebse q\u00eb ju sh\u00ebrbejn\u00eb t\u00eb dyja shkollave.<\/p>\n","protected":false},"excerpt":{"rendered":"<p>Kreu i qeveris\u00eb, Edi Rama ndodhej k\u00ebt\u00eb t\u00eb h\u00ebn\u00eb n\u00eb Shijak, p\u00ebr t\u00eb inspektuar nga af\u00ebr punimet q\u00eb jan\u00eb kryer n\u00eb shkollat \u201cLidhja e Prizrenit\u201d dhe \u201cPetrit Llaftiu\u201d. N\u00eb t\u00eb dija shkollat kan\u00eb p\u00ebrfunduar punimet dhe tashm\u00eb jan\u00eb gati p\u00ebr t\u00eb pritur sezonin e ardhsh\u00ebm, p\u00ebr 550 nx\u00ebn\u00ebs t\u00eb cil\u00ebt do t\u00eb rikthehen n\u00eb shtator &hellip;<\/p>\n","protected":false},"author":1,"featured_media":9606,"comment_status":"closed","ping_status":"closed","sticky":true,"template":"","format":"standard","meta":{"_jetpack_memberships_contains_paid_content":false,"footnotes":""},"categories":[4],"tags":[],"jetpack_sharing_enabled":true,"jetpack_featured_media_url":"https:\/\/voranews.al\/wp-content\/uploads\/2021\/07\/97976759-F497-4B96-B240-9985D20AF1A2.jpeg","_links":{"self":[{"href":"https:\/\/voranews.al\/index.php?rest_route=\/wp\/v2\/posts\/9605"}],"collection":[{"href":"https:\/\/voranews.al\/index.php?rest_route=\/wp\/v2\/posts"}],"about":[{"href":"https:\/\/voranews.al\/index.php?rest_route=\/wp\/v2\/types\/post"}],"author":[{"embeddable":true,"href":"https:\/\/voranews.al\/index.php?rest_route=\/wp\/v2\/users\/1"}],"replies":[{"embeddable":true,"href":"https:\/\/voranews.al\/index.php?rest_route=%2Fwp%2Fv2%2Fcomments&post=9605"}],"version-history":[{"count":1,"href":"https:\/\/voranews.al\/index.php?rest_route=\/wp\/v2\/posts\/9605\/revisions"}],"predecessor-version":[{"id":9607,"href":"https:\/\/voranews.al\/index.php?rest_route=\/wp\/v2\/posts\/9605\/revisions\/9607"}],"wp:featuredmedia":[{"embeddable":true,"href":"https:\/\/voranews.al\/index.php?rest_route=\/wp\/v2\/media\/9606"}],"wp:attachment":[{"href":"https:\/\/voranews.al\/index.php?rest_route=%2Fwp%2Fv2%2Fmedia&parent=9605"}],"wp:term":[{"taxonomy":"category","embeddable":true,"href":"https:\/\/voranews.al\/index.php?rest_route=%2Fwp%2Fv2%2Fcategories&post=9605"},{"taxonomy":"post_tag","embeddable":true,"href":"https:\/\/voranews.al\/index.php?rest_route=%2Fwp%2Fv2%2Ftags&post=9605"}],"curies":[{"name":"wp","href":"https:\/\/api.w.org\/{rel}","templated":true}]}}