{"id":9621,"date":"2021-07-05T16:13:37","date_gmt":"2021-07-05T15:13:37","guid":{"rendered":"https:\/\/voranews.al\/?p=9621"},"modified":"2021-07-05T16:13:44","modified_gmt":"2021-07-05T15:13:44","slug":"situata-me-e-rende-qe-me-ka-ndodhur-preket-eni-cobani-jam-gati-per-te-lotuar","status":"publish","type":"post","link":"https:\/\/voranews.al\/?p=9621","title":{"rendered":"\u201cSituata m\u00eb e r\u00ebnd\u00eb q\u00eb m\u00eb ka ndodhur\u201d\/ Preket Eni \u00c7obani: Jam gati p\u00ebr t\u00eb lotuar"},"content":{"rendered":"\n<p>N\u00eb seanc\u00ebn e nd\u00ebrmjet\u00ebsimit \u201cShihemi n\u00eb Gjyq\u201d tek E Diela Shqiptare, n\u00eb tvklan, kan\u00eb qen\u00eb nj\u00eb nuse dhe nj\u00eb vjeh\u00ebrr, Myzejeni dhe Kujtimi, ku kan\u00eb probleme me \u00e7\u00ebshtjen e nj\u00eb prone.<\/p>\n\n\n\n<p>Si familje ata kan\u00eb nj\u00eb pishin\u00eb&nbsp;n\u00eb Gramsh, ku e gjith\u00eb puna dhe mundi i tyre ka shkuar tek ky biznes. Por p\u00ebr shkak t\u00eb disa problemeve ligjore q\u00eb djali i madh ka patur, babai truallin ku sot \u00ebsht\u00eb nd\u00ebrtuar pishina ia kaloi n\u00eb emrin e tij q\u00eb t\u2019i shp\u00ebtonte burgut.<\/p>\n\n\n\n<p>Por djali i madh i preu n\u00eb bes\u00eb dhe nuk ia ktheu m\u00eb pron\u00ebn q\u00eb ishin pronar\u00eb babai dhe v\u00ebllai i tij. Tani ai k\u00ebrkon q\u00eb v\u00ebllai i tij i vog\u00ebl, i cili ka punuar gjith\u00eb jet\u00ebn dhe ka kontribuar p\u00ebr k\u00ebt\u00eb biznes, t\u00eb dal\u00eb jasht\u00eb sepse prona \u00ebsht\u00eb e tij. Eni \u00c7obani komunikoi n\u00ebp\u00ebrmjet nj\u00eb lidhje telefonike me djalin madh t\u00eb familjes, Arencin, por ai refuzoi t\u00eb jepte shpjegime duke i mbyllur telefonin.<\/p>\n\n\n\n<p>N\u00eb fund t\u00eb seanc\u00ebs s\u00eb nd\u00ebrmjet\u00ebsimit Eni \u00c7obani i \u00ebsht\u00eb drejtuar publikisht Arencit q\u00eb i mbylli telefonin pa dh\u00ebn\u00eb asnj\u00eb shpjegim duke u shprehur se po e bezdiste, q\u00eb do shihen s\u00eb bashku n\u00eb gjyq, duke e mb\u00ebshtetur plot\u00ebsisht babain e tij Kujtimin dhe aty do jet\u00eb i detyruar q\u00eb t\u2019i jap\u00eb nj\u00eb shpjegim.<\/p>\n\n\n\n<p><strong>Eni \u00c7obani:<\/strong>&nbsp;Fjala e Arencit n\u00eb k\u00ebt\u00eb seanc\u00eb nd\u00ebrmjet\u00ebsimi ka qen\u00eb nj\u00eb nga fjal\u00ebt m\u00eb t\u00eb r\u00ebnda q\u00eb kam d\u00ebgjuar nga nj\u00eb djal\u00eb. Pra t\u2019i thuash nj\u00eb djali q\u00eb ka n\u00eb seanc\u00eb babain dhe t\u00eb mbyll\u00eb telefonin dhe t\u00eb k\u00ebrkoj\u00eb disa her\u00eb nga ne q\u00eb t\u00eb mos bezdiset, kjo p\u00ebr mua \u00ebsht\u00eb shum\u00eb e r\u00ebnd\u00eb. Realisht m\u00eb ka l\u00ebn\u00eb pa fjal\u00eb.<\/p>\n\n\n\n<p>Dhe pse ai djal\u00eb u p\u00ebrgjigj n\u00eb at\u00eb form\u00eb nuk kisha nd\u00ebrmend ta mbyllja k\u00ebt\u00eb seanc\u00eb nd\u00ebrmjet\u00ebsimi n\u00eb k\u00ebt\u00eb form\u00eb, po i them Arencit publikisht: Arenc i dashur un\u00eb ty v\u00ebrtet\u00eb nuk do t\u00eb t\u00eb bezdis m\u00eb, por ama do t\u00eb m\u00eb kesh p\u00ebrball\u00eb, krah zotit Kujtim n\u00eb gjykat\u00ebn n\u00eb t\u00eb cil\u00ebn ti ke vajtur dhe besoj q\u00eb atje, realisht ne t\u00eb dy do komunikojm\u00eb si qytetar\u00eb dhe p\u00ebrpara gjykat\u00ebs je i detyruar t\u00eb m\u00eb jap\u00ebsh nj\u00eb p\u00ebrgjigje.<\/p>\n\n\n\n<p><strong>Ardit Gjebrea:<\/strong>&nbsp;Nuk e kishe b\u00ebr\u00eb ndonj\u00ebher\u00eb k\u00ebt\u00eb gj\u00eb zonja Eni, \u00e7far\u00eb ndodhi?<\/p>\n\n\n\n<p><strong>Eni \u00c7obani:<\/strong>&nbsp;Jam prekur jasht\u00eb mase, nuk e di, jam gati p\u00ebr t\u00eb lotuar sepse nuk e di\u2026 Kujtimi \u00ebsht\u00eb ve\u00e7 nga Genci, i ka hedhur n\u00eb gjyq ve\u00e7 e ve\u00e7, pra babain e ka hedhur ve\u00e7 dhe v\u00ebllain ve\u00e7, nuk jan\u00eb bashk\u00eb k\u00ebta t\u00eb dy prandaj un\u00eb thash\u00eb q\u00eb do mbaj Kujtimin. Kujtim do jemi bashk\u00eb, n\u00ebse k\u00ebta t\u00eb lan\u00eb, un\u00eb do t\u00eb t\u00eb shtr\u00ebngoj fort.<\/p>\n","protected":false},"excerpt":{"rendered":"<p>N\u00eb seanc\u00ebn e nd\u00ebrmjet\u00ebsimit \u201cShihemi n\u00eb Gjyq\u201d tek E Diela Shqiptare, n\u00eb tvklan, kan\u00eb qen\u00eb nj\u00eb nuse dhe nj\u00eb vjeh\u00ebrr, Myzejeni dhe Kujtimi, ku kan\u00eb probleme me \u00e7\u00ebshtjen e nj\u00eb prone. Si familje ata kan\u00eb nj\u00eb pishin\u00eb&nbsp;n\u00eb Gramsh, ku e gjith\u00eb puna dhe mundi i tyre ka shkuar tek ky biznes. Por p\u00ebr shkak t\u00eb &hellip;<\/p>\n","protected":false},"author":1,"featured_media":9622,"comment_status":"closed","ping_status":"closed","sticky":true,"template":"","format":"standard","meta":{"_jetpack_memberships_contains_paid_content":false,"footnotes":""},"categories":[20],"tags":[],"jetpack_sharing_enabled":true,"jetpack_featured_media_url":"https:\/\/voranews.al\/wp-content\/uploads\/2021\/07\/7A74F5F0-67D7-48AB-9384-6C2F14DFEB5C.jpeg","_links":{"self":[{"href":"https:\/\/voranews.al\/index.php?rest_route=\/wp\/v2\/posts\/9621"}],"collection":[{"href":"https:\/\/voranews.al\/index.php?rest_route=\/wp\/v2\/posts"}],"about":[{"href":"https:\/\/voranews.al\/index.php?rest_route=\/wp\/v2\/types\/post"}],"author":[{"embeddable":true,"href":"https:\/\/voranews.al\/index.php?rest_route=\/wp\/v2\/users\/1"}],"replies":[{"embeddable":true,"href":"https:\/\/voranews.al\/index.php?rest_route=%2Fwp%2Fv2%2Fcomments&post=9621"}],"version-history":[{"count":1,"href":"https:\/\/voranews.al\/index.php?rest_route=\/wp\/v2\/posts\/9621\/revisions"}],"predecessor-version":[{"id":9624,"href":"https:\/\/voranews.al\/index.php?rest_route=\/wp\/v2\/posts\/9621\/revisions\/9624"}],"wp:featuredmedia":[{"embeddable":true,"href":"https:\/\/voranews.al\/index.php?rest_route=\/wp\/v2\/media\/9622"}],"wp:attachment":[{"href":"https:\/\/voranews.al\/index.php?rest_route=%2Fwp%2Fv2%2Fmedia&parent=9621"}],"wp:term":[{"taxonomy":"category","embeddable":true,"href":"https:\/\/voranews.al\/index.php?rest_route=%2Fwp%2Fv2%2Fcategories&post=9621"},{"taxonomy":"post_tag","embeddable":true,"href":"https:\/\/voranews.al\/index.php?rest_route=%2Fwp%2Fv2%2Ftags&post=9621"}],"curies":[{"name":"wp","href":"https:\/\/api.w.org\/{rel}","templated":true}]}}