{"id":9841,"date":"2021-07-15T10:22:33","date_gmt":"2021-07-15T09:22:33","guid":{"rendered":"https:\/\/voranews.al\/?p=9841"},"modified":"2021-07-15T10:22:35","modified_gmt":"2021-07-15T09:22:35","slug":"helmimi-i-banoreve-te-decanit-fillon-mbledhja-e-komisionit-te-aki-se","status":"publish","type":"post","link":"https:\/\/voranews.al\/?p=9841","title":{"rendered":"Helmimi i banor\u00ebve t\u00eb De\u00e7anit\/ Fillon mbledhja e komisionit t\u00eb AKI-s\u00eb"},"content":{"rendered":"\n<p>Mbledhja e Komisionit p\u00ebr Mbik\u00ebqyrjen e Agjencis\u00eb s\u00eb Kosov\u00ebs p\u00ebr Inteligjenc\u00eb (AKI) ku po raporton Drejtori i AKI-s\u00eb, Petrit Ajeti ka filluar. <\/p>\n\n\n\n<p>Ai para deputet\u00ebve t\u00eb k\u00ebtij komisioni po raporton lidhur me gjendjen e krijuar nga helmimi n\u00eb Komun\u00ebn e De\u00e7anit.<\/p>\n\n\n\n<p>Si zakonisht, takimi \u00ebsht\u00eb i mbyllur p\u00ebr mediat, nd\u00ebrkoh\u00eb q\u00eb pritet q\u00eb n\u00eb fund&nbsp; kryetarja e k\u00ebtij komisioni, Ganimete Musliu t\u00eb mbaj\u00eb nj\u00eb konferenc\u00eb p\u00ebr media.<\/p>\n\n\n\n<p>Ajo tha se jan\u00eb mbledhur p\u00ebr t\u00eb hequr \u00e7do dyshim lidhur me helmimin apo infektimin e qytetar\u00ebve t\u00eb De\u00e7anit, p\u00ebr \u00e7ka nuk ka ende nj\u00eb rezultat se \u00e7ka e ka shkaktuar gjendjen me t\u00eb cil\u00ebn po p\u00ebrballet kjo komun\u00eb.<\/p>\n\n\n\n<p>Nga dita e shtun\u00eb qindra qytetar\u00eb t\u00eb Komun\u00ebs s\u00eb De\u00e7anit dyshohet se u helmuan nga uji i pijsh\u00ebm. P\u00ebr gjith\u00eb situat\u00ebn q\u00eb u shkaktua n\u00eb k\u00ebt\u00eb zon\u00eb, tashm\u00eb kan\u00eb filluar edhe hetimet, dhe po b\u00ebhen analiza p\u00ebr t\u00eb zbuluar arsyen se si ndodhi e gjitha.<\/p>\n","protected":false},"excerpt":{"rendered":"<p>Mbledhja e Komisionit p\u00ebr Mbik\u00ebqyrjen e Agjencis\u00eb s\u00eb Kosov\u00ebs p\u00ebr Inteligjenc\u00eb (AKI) ku po raporton Drejtori i AKI-s\u00eb, Petrit Ajeti ka filluar. Ai para deputet\u00ebve t\u00eb k\u00ebtij komisioni po raporton lidhur me gjendjen e krijuar nga helmimi n\u00eb Komun\u00ebn e De\u00e7anit. Si zakonisht, takimi \u00ebsht\u00eb i mbyllur p\u00ebr mediat, nd\u00ebrkoh\u00eb q\u00eb pritet q\u00eb n\u00eb fund&nbsp; &hellip;<\/p>\n","protected":false},"author":1,"featured_media":9842,"comment_status":"closed","ping_status":"closed","sticky":true,"template":"","format":"standard","meta":{"_jetpack_memberships_contains_paid_content":false,"footnotes":""},"categories":[4,38],"tags":[],"jetpack_sharing_enabled":true,"jetpack_featured_media_url":"https:\/\/voranews.al\/wp-content\/uploads\/2021\/07\/7A65BC7C-55B1-4DE1-AF69-ADF46C226E2B.jpeg","_links":{"self":[{"href":"https:\/\/voranews.al\/index.php?rest_route=\/wp\/v2\/posts\/9841"}],"collection":[{"href":"https:\/\/voranews.al\/index.php?rest_route=\/wp\/v2\/posts"}],"about":[{"href":"https:\/\/voranews.al\/index.php?rest_route=\/wp\/v2\/types\/post"}],"author":[{"embeddable":true,"href":"https:\/\/voranews.al\/index.php?rest_route=\/wp\/v2\/users\/1"}],"replies":[{"embeddable":true,"href":"https:\/\/voranews.al\/index.php?rest_route=%2Fwp%2Fv2%2Fcomments&post=9841"}],"version-history":[{"count":1,"href":"https:\/\/voranews.al\/index.php?rest_route=\/wp\/v2\/posts\/9841\/revisions"}],"predecessor-version":[{"id":9843,"href":"https:\/\/voranews.al\/index.php?rest_route=\/wp\/v2\/posts\/9841\/revisions\/9843"}],"wp:featuredmedia":[{"embeddable":true,"href":"https:\/\/voranews.al\/index.php?rest_route=\/wp\/v2\/media\/9842"}],"wp:attachment":[{"href":"https:\/\/voranews.al\/index.php?rest_route=%2Fwp%2Fv2%2Fmedia&parent=9841"}],"wp:term":[{"taxonomy":"category","embeddable":true,"href":"https:\/\/voranews.al\/index.php?rest_route=%2Fwp%2Fv2%2Fcategories&post=9841"},{"taxonomy":"post_tag","embeddable":true,"href":"https:\/\/voranews.al\/index.php?rest_route=%2Fwp%2Fv2%2Ftags&post=9841"}],"curies":[{"name":"wp","href":"https:\/\/api.w.org\/{rel}","templated":true}]}}